{"id":886,"date":"2025-06-30T14:38:18","date_gmt":"2025-06-30T12:38:18","guid":{"rendered":"https:\/\/www.hierrosmolina.com\/blog\/?p=886"},"modified":"2025-06-30T14:52:23","modified_gmt":"2025-06-30T12:52:23","slug":"prepara-tu-jardin-para-el-verano-consejos-y-productos-clave","status":"publish","type":"post","link":"https:\/\/www.hierrosmolina.com\/blog\/prepara-tu-jardin-para-el-verano-consejos-y-productos-clave\/","title":{"rendered":"Prepara tu jard\u00edn para el verano: Consejos y productos clave"},"content":{"rendered":"\n<p>El verano es el momento perfecto para acondicionar tu jard\u00edn y convertirlo en un espacio c\u00f3modo, seguro y privado donde disfrutar la temporada. Ya sea para relajarte, pasar tiempo en familia o reunirte con amigos, contar con zonas bien delimitadas y protegidas del sol marca la diferencia. En este art\u00edculo te compartimos ideas pr\u00e1cticas y productos esenciales para mejorar tu jard\u00edn, desde soluciones para ganar privacidad y sombra hasta sistemas eficaces para delimitar y proteger tu espacio exterior con estilo y funcionalidad.<\/p>\n\n\n\n<h2 class=\"wp-block-heading\">Privacidad y Sombra: Claves para una Zona Exterior Agradable<\/h2>\n\n\n\n<p>Cuando llega el calor, contar con un espacio exterior c\u00f3modo y resguardado marca la diferencia. Tanto para relajarte con un buen libro, compartir una comida con amigos o simplemente disfrutar del aire libre sin miradas indiscretas, la privacidad y la sombra son esenciales. Para ello, te recomendamos varios productos disponibles en nuestro almac\u00e9n, que se adaptan a todos los gustos y estilos:<\/p>\n\n\n\n<h3 class=\"wp-block-heading\">Malla de ocultaci\u00f3n<\/h3>\n\n\n\n<p>Si tienes una valla met\u00e1lica o deseas cerrar un espacio de forma discreta y est\u00e9tica, la\u00a0<strong>malla de ocultaci\u00f3n<\/strong>\u00a0es tu mejor aliada. Es una soluci\u00f3n r\u00e1pida, funcional y est\u00e9tica para cerrar visualmente tu jard\u00edn, terraza o parcela. Disponible en varios colores y grados de opacidad, se instala f\u00e1cilmente sobre vallas met\u00e1licas o estructuras ya existentes.<\/p>\n\n\n\n<figure class=\"wp-block-image size-full\"><img fetchpriority=\"high\" decoding=\"async\" width=\"996\" height=\"664\" src=\"https:\/\/www.hierrosmolina.com\/blog\/wp-content\/uploads\/2025\/06\/malla-ocultacion-hierros-molina.jpg\" alt=\"Malla de ocultaci\u00f3n\" class=\"wp-image-890\" srcset=\"https:\/\/www.hierrosmolina.com\/blog\/wp-content\/uploads\/2025\/06\/malla-ocultacion-hierros-molina.jpg 996w, https:\/\/www.hierrosmolina.com\/blog\/wp-content\/uploads\/2025\/06\/malla-ocultacion-hierros-molina-768x512.jpg 768w\" sizes=\"(max-width: 996px) 100vw, 996px\" \/><\/figure>\n\n\n\n<h3 class=\"wp-block-heading\">Malla sombreadora<\/h3>\n\n\n\n<p>Perfecta para reducir la incidencia solar directa sobre zonas de descanso, juegos infantiles, huertos o aparcamientos, la\u00a0<strong>malla sombreadora<\/strong>\u00a0crea espacios mucho m\u00e1s agradables durante los d\u00edas m\u00e1s calurosos del verano. Su uso ayuda a bajar la temperatura ambiente y evita el deterioro por el sol de muebles, plantas y estructuras.<\/p>\n\n\n\n<p><strong>Disponible en distintos porcentajes de sombreado<\/strong>&nbsp;(del 50% al 90%), para que elijas seg\u00fan el nivel de protecci\u00f3n solar que necesites.<\/p>\n\n\n\n<h3 class=\"wp-block-heading\">Brezo natural<\/h3>\n\n\n\n<p>El&nbsp;<strong>brezo<\/strong>&nbsp;es un material muy demandado por su aspecto tradicional y su capacidad para integrarse perfectamente con el entorno. Proporciona una excelente ocultaci\u00f3n y es ideal para vallados, p\u00e9rgolas o muros de jard\u00edn.<\/p>\n\n\n\n<h3 class=\"wp-block-heading\">Ca\u00f1a natural<\/h3>\n\n\n\n<p>La&nbsp;<strong>ca\u00f1a natural<\/strong>&nbsp;ofrece una opci\u00f3n ligera y decorativa para dar privacidad y sombra. Se puede instalar como cerramiento sobre vallas met\u00e1licas o utilizar en techos de p\u00e9rgolas para filtrar la luz del sol.<\/p>\n\n\n\n<h3 class=\"wp-block-heading\">Mimbre natural<\/h3>\n\n\n\n<p>El&nbsp;<strong>mimbre<\/strong>&nbsp;combina funcionalidad con un toque artesanal. Su trenzado cerrado permite una buena ocultaci\u00f3n y una gran resistencia al sol. Es perfecto tanto para jardines r\u00fasticos como para espacios exteriores m\u00e1s modernos que busquen calidez y dise\u00f1o.<\/p>\n\n\n\n<figure class=\"wp-block-image size-full\"><img decoding=\"async\" width=\"932\" height=\"621\" src=\"https:\/\/www.hierrosmolina.com\/blog\/wp-content\/uploads\/2025\/06\/mimbre-natural-hierros-molina.jpg\" alt=\"\" class=\"wp-image-891\" srcset=\"https:\/\/www.hierrosmolina.com\/blog\/wp-content\/uploads\/2025\/06\/mimbre-natural-hierros-molina.jpg 932w, https:\/\/www.hierrosmolina.com\/blog\/wp-content\/uploads\/2025\/06\/mimbre-natural-hierros-molina-768x512.jpg 768w\" sizes=\"(max-width: 932px) 100vw, 932px\" \/><\/figure>\n\n\n\n<h2 class=\"wp-block-heading\">M\u00e1s all\u00e1 de la est\u00e9tica: seguridad y funcionalidad<\/h2>\n\n\n\n<p>Un jard\u00edn bonito es importante, pero un espacio exterior verdaderamente funcional tambi\u00e9n debe ser&nbsp;<strong>seguro, resistente y bien delimitado<\/strong>. Por eso, adem\u00e1s de productos que aportan sombra y privacidad, ofrecemos soluciones que refuerzan la seguridad y organizaci\u00f3n de tu parcela, jard\u00edn o terraza. A continuaci\u00f3n, te detallamos algunas opciones muy recomendables:<\/p>\n\n\n\n<ul class=\"wp-block-list\">\n<li><strong>Tela met\u00e1lica galvanizada o plastificada:<\/strong>&nbsp;es una soluci\u00f3n pr\u00e1ctica, econ\u00f3mica y muy resistente para cerrar y delimitar espacios exteriores. Ofrece ventajas como la seguridad perimetral, ideal para evitar la entrada de animales o intrusos, as\u00ed como su durabilidad, ya que es resistente a la intemperie. Adem\u00e1s, su facilidad de instalaci\u00f3n le permite adaptarse f\u00e1cilmente a terrenos irregulares, inclinados o de gran extensi\u00f3n. Para mejorar su est\u00e9tica o aumentar la privacidad, puede combinarse con brezo, ca\u00f1izo o malla de ocultaci\u00f3n.<\/li>\n<\/ul>\n\n\n\n<ul class=\"wp-block-list\">\n<li><strong>Barandillas de hierro forjado o inoxidable:<\/strong>&nbsp;no solo cumplen una funci\u00f3n estructural, sino que tambi\u00e9n pueden convertirse en elementos decorativos que aportan personalidad al entorno. Se pueden fabricar con motivos cl\u00e1sicos o modernos, seg\u00fan el estilo del jard\u00edn o la vivienda, y soportan sin problema las condiciones clim\u00e1ticas m\u00e1s exigentes. Ideal para aportar seguridad a escaleras, terrazas elevadas, balcones o zonas ajardinadas con diferencia de altura.<\/li>\n\n\n\n<li><strong>Puertas de exterior met\u00e1licas:<\/strong>&nbsp;Una buena puerta para el jard\u00edn no es s\u00f3lo una entrada: es una barrera de seguridad, una carta de presentaci\u00f3n y una pieza clave para el control de accesos. Gracias a su solidez y sus materiales resistentes como acero galvanizado o hierro tratado, aporta seguridad, est\u00e9tica y durabilidad. Est\u00e1n disponibles en dise\u00f1os variados, desde lisas y modernas hasta de barrotes o rejillas si se busca visibilidad hacia el exterior sin comprometer la seguridad.<\/li>\n<\/ul>\n\n\n\n<p>Con estos elementos, tu jard\u00edn estar\u00e1 listo para convertirse en tu rinc\u00f3n favorito del verano, adem\u00e1s de ser un espacio seguro, bien delimitado y organizado. En Hierros Molina encontrar\u00e1s todo lo necesario para transformar tu jard\u00edn en un lugar m\u00e1s pr\u00e1ctico, c\u00f3modo y seguro para toda la familia.<\/p>\n\n\n\n<p>Puedes consultar nuestro <strong><a href=\"https:\/\/www.hierrosmolina.com\/assets\/files\/HIERROS_MOLINA_Cercados_naturales_ocultacion.pdf\" target=\"_blank\" rel=\"noreferrer noopener\">cat\u00e1logo de cercados naturales y ocultaci\u00f3n<\/a><\/strong>.<\/p>\n\n\n\n<blockquote class=\"wp-block-quote is-layout-flow wp-block-quote-is-layout-flow\">\n<p>\u00bfTienes dudas sobre qu\u00e9 producto se adapta mejor a tu hogar? \u00a1Cont\u00e1ctanos! Estaremos encantados de ayudarte a encontrar la mejor soluci\u00f3n para que disfrutes del verano al aire libre con total tranquilidad.<\/p>\n<\/blockquote>\n\n\n\n<p><\/p>\n","protected":false},"excerpt":{"rendered":"<p>El verano es el momento perfecto para acondicionar tu jard\u00edn y convertirlo en un espacio c\u00f3modo, seguro y privado donde disfrutar la temporada. Ya sea para relajarte, pasar tiempo en familia o reunirte con amigos, contar con zonas bien delimitadas y protegidas del sol marca la diferencia. En este art\u00edculo te compartimos ideas pr\u00e1cticas y &#8230; <a title=\"Prepara tu jard\u00edn para el verano: Consejos y productos clave\" class=\"read-more\" href=\"https:\/\/www.hierrosmolina.com\/blog\/prepara-tu-jardin-para-el-verano-consejos-y-productos-clave\/\" aria-label=\"Leer m\u00e1s sobre Prepara tu jard\u00edn para el verano: Consejos y productos clave\">Leer m\u00e1s<\/a><\/p>\n","protected":false},"author":1,"featured_media":889,"comment_status":"open","ping_status":"open","sticky":false,"template":"","format":"standard","meta":{"generate_page_header":"","footnotes":""},"categories":[56],"tags":[],"class_list":["post-886","post","type-post","status-publish","format-standard","has-post-thumbnail","hentry","category-jardineria"],"yoast_head":"<!-- This site is optimized with the Yoast SEO plugin v27.5 - https:\/\/yoast.com\/product\/yoast-seo-wordpress\/ -->\n<title>Prepara tu jard\u00edn para el verano | Consejos y productos clave<\/title>\n<meta name=\"description\" content=\"Descubre c\u00f3mo dar sombra, privacidad y seguridad a tu jard\u00edn este verano con soluciones pr\u00e1cticas y decorativas como mallas, brezo y vallas.\" \/>\n<meta name=\"robots\" content=\"index, follow, max-snippet:-1, max-image-preview:large, max-video-preview:-1\" \/>\n<link rel=\"canonical\" href=\"https:\/\/www.hierrosmolina.com\/blog\/prepara-tu-jardin-para-el-verano-consejos-y-productos-clave\/\" \/>\n<meta property=\"og:locale\" content=\"es_ES\" \/>\n<meta property=\"og:type\" content=\"article\" \/>\n<meta property=\"og:title\" content=\"Prepara tu jard\u00edn para el verano | Consejos y productos clave\" \/>\n<meta property=\"og:description\" content=\"Descubre c\u00f3mo dar sombra, privacidad y seguridad a tu jard\u00edn este verano con soluciones pr\u00e1cticas y decorativas como mallas, brezo y vallas.\" \/>\n<meta property=\"og:url\" content=\"https:\/\/www.hierrosmolina.com\/blog\/prepara-tu-jardin-para-el-verano-consejos-y-productos-clave\/\" \/>\n<meta property=\"og:site_name\" content=\"HIERROS MOLINA, SL\" \/>\n<meta property=\"article:publisher\" content=\"https:\/\/www.facebook.com\/hierrosmolina.abrera\/\" \/>\n<meta property=\"article:published_time\" content=\"2025-06-30T12:38:18+00:00\" \/>\n<meta property=\"article:modified_time\" content=\"2025-06-30T12:52:23+00:00\" \/>\n<meta property=\"og:image\" content=\"https:\/\/www.hierrosmolina.com\/blog\/wp-content\/uploads\/2025\/06\/preparar-jardin-verano-consejos-hierros-molina.jpg\" \/>\n\t<meta property=\"og:image:width\" content=\"1000\" \/>\n\t<meta property=\"og:image:height\" content=\"667\" \/>\n\t<meta property=\"og:image:type\" content=\"image\/jpeg\" \/>\n<meta name=\"author\" content=\"HIERROS_MOLINA\" \/>\n<meta name=\"twitter:card\" content=\"summary_large_image\" \/>\n<meta name=\"twitter:label1\" content=\"Escrito por\" \/>\n\t<meta name=\"twitter:data1\" content=\"HIERROS_MOLINA\" \/>\n\t<meta name=\"twitter:label2\" content=\"Tiempo de lectura\" \/>\n\t<meta name=\"twitter:data2\" content=\"4 minutos\" \/>\n<script type=\"application\/ld+json\" class=\"yoast-schema-graph\">{\"@context\":\"https:\\\/\\\/schema.org\",\"@graph\":[{\"@type\":\"Article\",\"@id\":\"https:\\\/\\\/www.hierrosmolina.com\\\/blog\\\/prepara-tu-jardin-para-el-verano-consejos-y-productos-clave\\\/#article\",\"isPartOf\":{\"@id\":\"https:\\\/\\\/www.hierrosmolina.com\\\/blog\\\/prepara-tu-jardin-para-el-verano-consejos-y-productos-clave\\\/\"},\"author\":{\"name\":\"HIERROS_MOLINA\",\"@id\":\"https:\\\/\\\/www.hierrosmolina.com\\\/blog\\\/#\\\/schema\\\/person\\\/a98fda29fa5a5e08d8e437b9c6955be9\"},\"headline\":\"Prepara tu jard\u00edn para el verano: Consejos y productos clave\",\"datePublished\":\"2025-06-30T12:38:18+00:00\",\"dateModified\":\"2025-06-30T12:52:23+00:00\",\"mainEntityOfPage\":{\"@id\":\"https:\\\/\\\/www.hierrosmolina.com\\\/blog\\\/prepara-tu-jardin-para-el-verano-consejos-y-productos-clave\\\/\"},\"wordCount\":867,\"commentCount\":0,\"image\":{\"@id\":\"https:\\\/\\\/www.hierrosmolina.com\\\/blog\\\/prepara-tu-jardin-para-el-verano-consejos-y-productos-clave\\\/#primaryimage\"},\"thumbnailUrl\":\"https:\\\/\\\/www.hierrosmolina.com\\\/blog\\\/wp-content\\\/uploads\\\/2025\\\/06\\\/preparar-jardin-verano-consejos-hierros-molina.jpg\",\"articleSection\":[\"Jardineria\"],\"inLanguage\":\"es\",\"potentialAction\":[{\"@type\":\"CommentAction\",\"name\":\"Comment\",\"target\":[\"https:\\\/\\\/www.hierrosmolina.com\\\/blog\\\/prepara-tu-jardin-para-el-verano-consejos-y-productos-clave\\\/#respond\"]}]},{\"@type\":\"WebPage\",\"@id\":\"https:\\\/\\\/www.hierrosmolina.com\\\/blog\\\/prepara-tu-jardin-para-el-verano-consejos-y-productos-clave\\\/\",\"url\":\"https:\\\/\\\/www.hierrosmolina.com\\\/blog\\\/prepara-tu-jardin-para-el-verano-consejos-y-productos-clave\\\/\",\"name\":\"Prepara tu jard\u00edn para el verano | Consejos y productos clave\",\"isPartOf\":{\"@id\":\"https:\\\/\\\/www.hierrosmolina.com\\\/blog\\\/#website\"},\"primaryImageOfPage\":{\"@id\":\"https:\\\/\\\/www.hierrosmolina.com\\\/blog\\\/prepara-tu-jardin-para-el-verano-consejos-y-productos-clave\\\/#primaryimage\"},\"image\":{\"@id\":\"https:\\\/\\\/www.hierrosmolina.com\\\/blog\\\/prepara-tu-jardin-para-el-verano-consejos-y-productos-clave\\\/#primaryimage\"},\"thumbnailUrl\":\"https:\\\/\\\/www.hierrosmolina.com\\\/blog\\\/wp-content\\\/uploads\\\/2025\\\/06\\\/preparar-jardin-verano-consejos-hierros-molina.jpg\",\"datePublished\":\"2025-06-30T12:38:18+00:00\",\"dateModified\":\"2025-06-30T12:52:23+00:00\",\"author\":{\"@id\":\"https:\\\/\\\/www.hierrosmolina.com\\\/blog\\\/#\\\/schema\\\/person\\\/a98fda29fa5a5e08d8e437b9c6955be9\"},\"description\":\"Descubre c\u00f3mo dar sombra, privacidad y seguridad a tu jard\u00edn este verano con soluciones pr\u00e1cticas y decorativas como mallas, brezo y vallas.\",\"breadcrumb\":{\"@id\":\"https:\\\/\\\/www.hierrosmolina.com\\\/blog\\\/prepara-tu-jardin-para-el-verano-consejos-y-productos-clave\\\/#breadcrumb\"},\"inLanguage\":\"es\",\"potentialAction\":[{\"@type\":\"ReadAction\",\"target\":[\"https:\\\/\\\/www.hierrosmolina.com\\\/blog\\\/prepara-tu-jardin-para-el-verano-consejos-y-productos-clave\\\/\"]}]},{\"@type\":\"ImageObject\",\"inLanguage\":\"es\",\"@id\":\"https:\\\/\\\/www.hierrosmolina.com\\\/blog\\\/prepara-tu-jardin-para-el-verano-consejos-y-productos-clave\\\/#primaryimage\",\"url\":\"https:\\\/\\\/www.hierrosmolina.com\\\/blog\\\/wp-content\\\/uploads\\\/2025\\\/06\\\/preparar-jardin-verano-consejos-hierros-molina.jpg\",\"contentUrl\":\"https:\\\/\\\/www.hierrosmolina.com\\\/blog\\\/wp-content\\\/uploads\\\/2025\\\/06\\\/preparar-jardin-verano-consejos-hierros-molina.jpg\",\"width\":1000,\"height\":667,\"caption\":\"Prepara tu jard\u00edn para el verano: Consejos y productos clave\"},{\"@type\":\"BreadcrumbList\",\"@id\":\"https:\\\/\\\/www.hierrosmolina.com\\\/blog\\\/prepara-tu-jardin-para-el-verano-consejos-y-productos-clave\\\/#breadcrumb\",\"itemListElement\":[{\"@type\":\"ListItem\",\"position\":1,\"name\":\"Portada\",\"item\":\"https:\\\/\\\/www.hierrosmolina.com\\\/blog\\\/\"},{\"@type\":\"ListItem\",\"position\":2,\"name\":\"Prepara tu jard\u00edn para el verano: Consejos y productos clave\"}]},{\"@type\":\"WebSite\",\"@id\":\"https:\\\/\\\/www.hierrosmolina.com\\\/blog\\\/#website\",\"url\":\"https:\\\/\\\/www.hierrosmolina.com\\\/blog\\\/\",\"name\":\"HIERROS MOLINA, SL\",\"description\":\"Blog de HIERROS MOLINA, SL\",\"potentialAction\":[{\"@type\":\"SearchAction\",\"target\":{\"@type\":\"EntryPoint\",\"urlTemplate\":\"https:\\\/\\\/www.hierrosmolina.com\\\/blog\\\/?s={search_term_string}\"},\"query-input\":{\"@type\":\"PropertyValueSpecification\",\"valueRequired\":true,\"valueName\":\"search_term_string\"}}],\"inLanguage\":\"es\"},{\"@type\":\"Person\",\"@id\":\"https:\\\/\\\/www.hierrosmolina.com\\\/blog\\\/#\\\/schema\\\/person\\\/a98fda29fa5a5e08d8e437b9c6955be9\",\"name\":\"HIERROS_MOLINA\",\"image\":{\"@type\":\"ImageObject\",\"inLanguage\":\"es\",\"@id\":\"https:\\\/\\\/secure.gravatar.com\\\/avatar\\\/9803f27299948549d6c15972e398226f69951f67acea40d861e348996b29dd94?s=96&d=mm&r=g\",\"url\":\"https:\\\/\\\/secure.gravatar.com\\\/avatar\\\/9803f27299948549d6c15972e398226f69951f67acea40d861e348996b29dd94?s=96&d=mm&r=g\",\"contentUrl\":\"https:\\\/\\\/secure.gravatar.com\\\/avatar\\\/9803f27299948549d6c15972e398226f69951f67acea40d861e348996b29dd94?s=96&d=mm&r=g\",\"caption\":\"HIERROS_MOLINA\"},\"sameAs\":[\"http:\\\/\\\/www.hierrosmolina.com\"]}]}<\/script>\n<!-- \/ Yoast SEO plugin. -->","yoast_head_json":{"title":"Prepara tu jard\u00edn para el verano | Consejos y productos clave","description":"Descubre c\u00f3mo dar sombra, privacidad y seguridad a tu jard\u00edn este verano con soluciones pr\u00e1cticas y decorativas como mallas, brezo y vallas.","robots":{"index":"index","follow":"follow","max-snippet":"max-snippet:-1","max-image-preview":"max-image-preview:large","max-video-preview":"max-video-preview:-1"},"canonical":"https:\/\/www.hierrosmolina.com\/blog\/prepara-tu-jardin-para-el-verano-consejos-y-productos-clave\/","og_locale":"es_ES","og_type":"article","og_title":"Prepara tu jard\u00edn para el verano | Consejos y productos clave","og_description":"Descubre c\u00f3mo dar sombra, privacidad y seguridad a tu jard\u00edn este verano con soluciones pr\u00e1cticas y decorativas como mallas, brezo y vallas.","og_url":"https:\/\/www.hierrosmolina.com\/blog\/prepara-tu-jardin-para-el-verano-consejos-y-productos-clave\/","og_site_name":"HIERROS MOLINA, SL","article_publisher":"https:\/\/www.facebook.com\/hierrosmolina.abrera\/","article_published_time":"2025-06-30T12:38:18+00:00","article_modified_time":"2025-06-30T12:52:23+00:00","og_image":[{"width":1000,"height":667,"url":"https:\/\/www.hierrosmolina.com\/blog\/wp-content\/uploads\/2025\/06\/preparar-jardin-verano-consejos-hierros-molina.jpg","type":"image\/jpeg"}],"author":"HIERROS_MOLINA","twitter_card":"summary_large_image","twitter_misc":{"Escrito por":"HIERROS_MOLINA","Tiempo de lectura":"4 minutos"},"schema":{"@context":"https:\/\/schema.org","@graph":[{"@type":"Article","@id":"https:\/\/www.hierrosmolina.com\/blog\/prepara-tu-jardin-para-el-verano-consejos-y-productos-clave\/#article","isPartOf":{"@id":"https:\/\/www.hierrosmolina.com\/blog\/prepara-tu-jardin-para-el-verano-consejos-y-productos-clave\/"},"author":{"name":"HIERROS_MOLINA","@id":"https:\/\/www.hierrosmolina.com\/blog\/#\/schema\/person\/a98fda29fa5a5e08d8e437b9c6955be9"},"headline":"Prepara tu jard\u00edn para el verano: Consejos y productos clave","datePublished":"2025-06-30T12:38:18+00:00","dateModified":"2025-06-30T12:52:23+00:00","mainEntityOfPage":{"@id":"https:\/\/www.hierrosmolina.com\/blog\/prepara-tu-jardin-para-el-verano-consejos-y-productos-clave\/"},"wordCount":867,"commentCount":0,"image":{"@id":"https:\/\/www.hierrosmolina.com\/blog\/prepara-tu-jardin-para-el-verano-consejos-y-productos-clave\/#primaryimage"},"thumbnailUrl":"https:\/\/www.hierrosmolina.com\/blog\/wp-content\/uploads\/2025\/06\/preparar-jardin-verano-consejos-hierros-molina.jpg","articleSection":["Jardineria"],"inLanguage":"es","potentialAction":[{"@type":"CommentAction","name":"Comment","target":["https:\/\/www.hierrosmolina.com\/blog\/prepara-tu-jardin-para-el-verano-consejos-y-productos-clave\/#respond"]}]},{"@type":"WebPage","@id":"https:\/\/www.hierrosmolina.com\/blog\/prepara-tu-jardin-para-el-verano-consejos-y-productos-clave\/","url":"https:\/\/www.hierrosmolina.com\/blog\/prepara-tu-jardin-para-el-verano-consejos-y-productos-clave\/","name":"Prepara tu jard\u00edn para el verano | Consejos y productos clave","isPartOf":{"@id":"https:\/\/www.hierrosmolina.com\/blog\/#website"},"primaryImageOfPage":{"@id":"https:\/\/www.hierrosmolina.com\/blog\/prepara-tu-jardin-para-el-verano-consejos-y-productos-clave\/#primaryimage"},"image":{"@id":"https:\/\/www.hierrosmolina.com\/blog\/prepara-tu-jardin-para-el-verano-consejos-y-productos-clave\/#primaryimage"},"thumbnailUrl":"https:\/\/www.hierrosmolina.com\/blog\/wp-content\/uploads\/2025\/06\/preparar-jardin-verano-consejos-hierros-molina.jpg","datePublished":"2025-06-30T12:38:18+00:00","dateModified":"2025-06-30T12:52:23+00:00","author":{"@id":"https:\/\/www.hierrosmolina.com\/blog\/#\/schema\/person\/a98fda29fa5a5e08d8e437b9c6955be9"},"description":"Descubre c\u00f3mo dar sombra, privacidad y seguridad a tu jard\u00edn este verano con soluciones pr\u00e1cticas y decorativas como mallas, brezo y vallas.","breadcrumb":{"@id":"https:\/\/www.hierrosmolina.com\/blog\/prepara-tu-jardin-para-el-verano-consejos-y-productos-clave\/#breadcrumb"},"inLanguage":"es","potentialAction":[{"@type":"ReadAction","target":["https:\/\/www.hierrosmolina.com\/blog\/prepara-tu-jardin-para-el-verano-consejos-y-productos-clave\/"]}]},{"@type":"ImageObject","inLanguage":"es","@id":"https:\/\/www.hierrosmolina.com\/blog\/prepara-tu-jardin-para-el-verano-consejos-y-productos-clave\/#primaryimage","url":"https:\/\/www.hierrosmolina.com\/blog\/wp-content\/uploads\/2025\/06\/preparar-jardin-verano-consejos-hierros-molina.jpg","contentUrl":"https:\/\/www.hierrosmolina.com\/blog\/wp-content\/uploads\/2025\/06\/preparar-jardin-verano-consejos-hierros-molina.jpg","width":1000,"height":667,"caption":"Prepara tu jard\u00edn para el verano: Consejos y productos clave"},{"@type":"BreadcrumbList","@id":"https:\/\/www.hierrosmolina.com\/blog\/prepara-tu-jardin-para-el-verano-consejos-y-productos-clave\/#breadcrumb","itemListElement":[{"@type":"ListItem","position":1,"name":"Portada","item":"https:\/\/www.hierrosmolina.com\/blog\/"},{"@type":"ListItem","position":2,"name":"Prepara tu jard\u00edn para el verano: Consejos y productos clave"}]},{"@type":"WebSite","@id":"https:\/\/www.hierrosmolina.com\/blog\/#website","url":"https:\/\/www.hierrosmolina.com\/blog\/","name":"HIERROS MOLINA, SL","description":"Blog de HIERROS MOLINA, SL","potentialAction":[{"@type":"SearchAction","target":{"@type":"EntryPoint","urlTemplate":"https:\/\/www.hierrosmolina.com\/blog\/?s={search_term_string}"},"query-input":{"@type":"PropertyValueSpecification","valueRequired":true,"valueName":"search_term_string"}}],"inLanguage":"es"},{"@type":"Person","@id":"https:\/\/www.hierrosmolina.com\/blog\/#\/schema\/person\/a98fda29fa5a5e08d8e437b9c6955be9","name":"HIERROS_MOLINA","image":{"@type":"ImageObject","inLanguage":"es","@id":"https:\/\/secure.gravatar.com\/avatar\/9803f27299948549d6c15972e398226f69951f67acea40d861e348996b29dd94?s=96&d=mm&r=g","url":"https:\/\/secure.gravatar.com\/avatar\/9803f27299948549d6c15972e398226f69951f67acea40d861e348996b29dd94?s=96&d=mm&r=g","contentUrl":"https:\/\/secure.gravatar.com\/avatar\/9803f27299948549d6c15972e398226f69951f67acea40d861e348996b29dd94?s=96&d=mm&r=g","caption":"HIERROS_MOLINA"},"sameAs":["http:\/\/www.hierrosmolina.com"]}]}},"_links":{"self":[{"href":"https:\/\/www.hierrosmolina.com\/blog\/wp-json\/wp\/v2\/posts\/886","targetHints":{"allow":["GET"]}}],"collection":[{"href":"https:\/\/www.hierrosmolina.com\/blog\/wp-json\/wp\/v2\/posts"}],"about":[{"href":"https:\/\/www.hierrosmolina.com\/blog\/wp-json\/wp\/v2\/types\/post"}],"author":[{"embeddable":true,"href":"https:\/\/www.hierrosmolina.com\/blog\/wp-json\/wp\/v2\/users\/1"}],"replies":[{"embeddable":true,"href":"https:\/\/www.hierrosmolina.com\/blog\/wp-json\/wp\/v2\/comments?post=886"}],"version-history":[{"count":2,"href":"https:\/\/www.hierrosmolina.com\/blog\/wp-json\/wp\/v2\/posts\/886\/revisions"}],"predecessor-version":[{"id":892,"href":"https:\/\/www.hierrosmolina.com\/blog\/wp-json\/wp\/v2\/posts\/886\/revisions\/892"}],"wp:featuredmedia":[{"embeddable":true,"href":"https:\/\/www.hierrosmolina.com\/blog\/wp-json\/wp\/v2\/media\/889"}],"wp:attachment":[{"href":"https:\/\/www.hierrosmolina.com\/blog\/wp-json\/wp\/v2\/media?parent=886"}],"wp:term":[{"taxonomy":"category","embeddable":true,"href":"https:\/\/www.hierrosmolina.com\/blog\/wp-json\/wp\/v2\/categories?post=886"},{"taxonomy":"post_tag","embeddable":true,"href":"https:\/\/www.hierrosmolina.com\/blog\/wp-json\/wp\/v2\/tags?post=886"}],"curies":[{"name":"wp","href":"https:\/\/api.w.org\/{rel}","templated":true}]}}